{"id":170,"date":"2013-08-28T13:13:18","date_gmt":"2013-08-28T16:13:18","guid":{"rendered":"https:\/\/wiki.osloucos.com.br\/?p=170"},"modified":"2023-08-13T00:54:15","modified_gmt":"2023-08-13T03:54:15","slug":"autor","status":"publish","type":"post","link":"https:\/\/osloucos.com.br\/wiki\/autor.html","title":{"rendered":"O autor"},"content":{"rendered":"<div class=\"wp-block-image\">\n<figure class=\"alignleft size-large is-resized\"><a href=\"https:\/\/osloucos.com.br\/wiki\/files\/2013\/08\/ozi.jpg\"><img decoding=\"async\" src=\"https:\/\/osloucos.com.br\/wiki\/files\/2013\/08\/ozi.jpg\" alt=\"ozi\" style=\"aspect-ratio:1;object-fit:contain;width:200px\" width=\"200\"\/><\/a><\/figure><\/div>\n\n\n<p>Meu nome real \u00e9 Roger Craveiro Guilherme, mas meu apelido \u00e9 Ozi. Meu <strong>sobrenome<\/strong> \u00e9 Guilherme, sim \u00e9 um sobrenome.<\/p>\n\n\n\n<p>Nasci na cidade de Rio Grande, RS. Me formei em Biblioteconomia, mas n\u00e3o abandono (mentira, j\u00e1 abandonei) os quadrinhos.<\/p>\n\n\n\n<p>Sobre Os Loucos, muita gente acha que existe uma equipe por tr\u00e1s, mas n\u00e3o \u00e9 verdade, ent\u00e3o a\u00ed v\u00e3o algumas explica\u00e7\u00f5es:<\/p>\n\n\n\n<ul class=\"wp-block-list\">\n<li>Os Loucos \u00e9 cria\u00e7\u00e3o de uma s\u00f3 pessoa, ou seja, eu, Ozi.<\/li>\n\n\n\n<li>Ozi \u00e9 um <strong>apelido<\/strong>, uma deriva\u00e7\u00e3o do meu nome Roger, Oge, Oze, Ozi.<\/li>\n\n\n\n<li>Meu nome <strong>N\u00c3O<\/strong> \u00e9 Guilherme.<\/li>\n\n\n\n<li>Os Loucos s\u00e3o personagens baseados em pessoas da rua.<\/li>\n\n\n\n<li>Nas \u00faltimas s\u00e9ries de tirinhas, os loucos vivem num hosp\u00edcio, o Hosp\u00edcio do Raul, mas nem sempre foi assim.<\/li>\n\n\n\n<li>Hoje s\u00f3 s\u00e3o publicadas 3 tirinhas por semana (devemos melhorar isso).<\/li>\n\n\n\n<li>N\u00e3o, n\u00e3o existe uma equipe! Fa\u00e7o tudo sozinho.<\/li>\n\n\n\n<li>Escrevo na terceira pessoa, mas juro que n\u00e3o sou louco! Juro.<\/li>\n<\/ul>\n\n\n\n<p>Depois das explica\u00e7\u00f5es r\u00e1pidas&#8230;<\/p>\n\n\n\n<p>Os Loucos foram criados por mim em 8 de agosto de 2000. Inicialmente os \u00fanicos personagens das tirinhas eram Dod e Dosmeu, que foram criados baseados em alguns malucos que viviam pelas ruas de Rio Grande (<a href=\"https:\/\/mlostudio.com\/blog\/2011\/08\/02\/a-origem-dos-loucos\/\" target=\"_blank\" rel=\"noopener\">leia mais<\/a>).<\/p>\n\n\n\n<p><a href=\"https:\/\/osloucos.com.br\/category\/comics_old\/temporada-2000\" target=\"_blank\" rel=\"noreferrer noopener\">A primeira temporada foi composta por 62 tirinhas<\/a>, nos anos seguintes Os Loucos foram publicados apenas na revista independente <a href=\"https:\/\/areiahostil.com.br\/\" target=\"_blank\" rel=\"noopener\">Areia Hostil<\/a>.<\/p>\n\n\n\n<p>Ap\u00f3s alguns anos com Os Loucos parados resolvi reativ\u00e1-los em 22 de maio de 2011. <a href=\"https:\/\/osloucos.com.br\/category\/comics_old\/temporada-2011\" target=\"_blank\" rel=\"noreferrer noopener\">A partir desta temporada <\/a>Os Loucos n\u00e3o eram apenas Dod e Dosmeu e sim uma turma que vive presa no Hosp\u00edcio do Raul pelo Analista.<\/p>\n\n\n\n<p><\/p>\n\n\n\n<p>Uma grande abra\u00e7o!<\/p>\n\n\n\n<p><strong>Ozi<\/strong><\/p>\n","protected":false},"excerpt":{"rendered":"<p>Meu nome real \u00e9 Roger Craveiro Guilherme, mas meu apelido \u00e9 Ozi. Meu sobrenome \u00e9 Guilherme, sim \u00e9 um sobrenome. Nasci na cidade de Rio Grande, RS. Me formei em Biblioteconomia, mas n\u00e3o abandono&#46;&#46;&#46;<\/p>\n","protected":false},"author":1,"featured_media":252,"comment_status":"open","ping_status":"open","sticky":false,"template":"","format":"standard","meta":{"footnotes":""},"categories":[43],"tags":[],"class_list":["post-170","post","type-post","status-publish","format-standard","has-post-thumbnail","hentry","category-sobre"],"yoast_head":"<!-- This site is optimized with the Yoast SEO plugin v25.3 - https:\/\/yoast.com\/wordpress\/plugins\/seo\/ -->\n<title>O autor - WikiLoucos<\/title>\n<meta name=\"description\" content=\"Autoria do Os Loucos\" \/>\n<meta name=\"robots\" content=\"index, follow, max-snippet:-1, max-image-preview:large, max-video-preview:-1\" \/>\n<link rel=\"canonical\" href=\"https:\/\/osloucos.com.br\/wiki\/autor.html\" \/>\n<meta name=\"twitter:card\" content=\"summary_large_image\" \/>\n<meta name=\"twitter:title\" content=\"O autor - WikiLoucos\" \/>\n<meta name=\"twitter:description\" content=\"Autoria do Os Loucos\" \/>\n<meta name=\"twitter:image\" content=\"https:\/\/osloucos.com.br\/wiki\/files\/2013\/08\/ozi.jpg\" \/>\n<meta name=\"twitter:label1\" content=\"Escrito por\" \/>\n\t<meta name=\"twitter:data1\" content=\"Ozi\" \/>\n\t<meta name=\"twitter:label2\" content=\"Est. tempo de leitura\" \/>\n\t<meta name=\"twitter:data2\" content=\"2 minutos\" \/>\n<script type=\"application\/ld+json\" class=\"yoast-schema-graph\">{\"@context\":\"https:\/\/schema.org\",\"@graph\":[{\"@type\":\"Article\",\"@id\":\"https:\/\/osloucos.com.br\/wiki\/autor.html#article\",\"isPartOf\":{\"@id\":\"https:\/\/osloucos.com.br\/wiki\/autor.html\"},\"author\":{\"name\":\"Ozi\",\"@id\":\"https:\/\/osloucos.com.br\/wiki\/#\/schema\/person\/2745f55559135973d2ee6aa48c57cecf\"},\"headline\":\"O autor\",\"datePublished\":\"2013-08-28T16:13:18+00:00\",\"dateModified\":\"2023-08-13T03:54:15+00:00\",\"mainEntityOfPage\":{\"@id\":\"https:\/\/osloucos.com.br\/wiki\/autor.html\"},\"wordCount\":268,\"commentCount\":0,\"publisher\":{\"@id\":\"https:\/\/osloucos.com.br\/wiki\/#organization\"},\"image\":{\"@id\":\"https:\/\/osloucos.com.br\/wiki\/autor.html#primaryimage\"},\"thumbnailUrl\":\"https:\/\/osloucos.com.br\/wiki\/files\/2013\/08\/ozi.jpg\",\"articleSection\":[\"Sobre\"],\"inLanguage\":\"pt-BR\",\"potentialAction\":[{\"@type\":\"CommentAction\",\"name\":\"Comment\",\"target\":[\"https:\/\/osloucos.com.br\/wiki\/autor.html#respond\"]}]},{\"@type\":\"WebPage\",\"@id\":\"https:\/\/osloucos.com.br\/wiki\/autor.html\",\"url\":\"https:\/\/osloucos.com.br\/wiki\/autor.html\",\"name\":\"O autor - WikiLoucos\",\"isPartOf\":{\"@id\":\"https:\/\/osloucos.com.br\/wiki\/#website\"},\"primaryImageOfPage\":{\"@id\":\"https:\/\/osloucos.com.br\/wiki\/autor.html#primaryimage\"},\"image\":{\"@id\":\"https:\/\/osloucos.com.br\/wiki\/autor.html#primaryimage\"},\"thumbnailUrl\":\"https:\/\/osloucos.com.br\/wiki\/files\/2013\/08\/ozi.jpg\",\"datePublished\":\"2013-08-28T16:13:18+00:00\",\"dateModified\":\"2023-08-13T03:54:15+00:00\",\"description\":\"Autoria do Os Loucos\",\"breadcrumb\":{\"@id\":\"https:\/\/osloucos.com.br\/wiki\/autor.html#breadcrumb\"},\"inLanguage\":\"pt-BR\",\"potentialAction\":[{\"@type\":\"ReadAction\",\"target\":[\"https:\/\/osloucos.com.br\/wiki\/autor.html\"]}]},{\"@type\":\"ImageObject\",\"inLanguage\":\"pt-BR\",\"@id\":\"https:\/\/osloucos.com.br\/wiki\/autor.html#primaryimage\",\"url\":\"https:\/\/osloucos.com.br\/wiki\/files\/2013\/08\/ozi.jpg\",\"contentUrl\":\"https:\/\/osloucos.com.br\/wiki\/files\/2013\/08\/ozi.jpg\",\"width\":830,\"height\":960},{\"@type\":\"BreadcrumbList\",\"@id\":\"https:\/\/osloucos.com.br\/wiki\/autor.html#breadcrumb\",\"itemListElement\":[{\"@type\":\"ListItem\",\"position\":1,\"name\":\"In\u00edcio\",\"item\":\"https:\/\/osloucos.com.br\/wiki\"},{\"@type\":\"ListItem\",\"position\":2,\"name\":\"O autor\"}]},{\"@type\":\"WebSite\",\"@id\":\"https:\/\/osloucos.com.br\/wiki\/#website\",\"url\":\"https:\/\/osloucos.com.br\/wiki\/\",\"name\":\"WikiLoucos\",\"description\":\"\",\"publisher\":{\"@id\":\"https:\/\/osloucos.com.br\/wiki\/#organization\"},\"potentialAction\":[{\"@type\":\"SearchAction\",\"target\":{\"@type\":\"EntryPoint\",\"urlTemplate\":\"https:\/\/osloucos.com.br\/wiki\/?s={search_term_string}\"},\"query-input\":{\"@type\":\"PropertyValueSpecification\",\"valueRequired\":true,\"valueName\":\"search_term_string\"}}],\"inLanguage\":\"pt-BR\"},{\"@type\":\"Organization\",\"@id\":\"https:\/\/osloucos.com.br\/wiki\/#organization\",\"name\":\"WikiLoucos\",\"url\":\"https:\/\/osloucos.com.br\/wiki\/\",\"logo\":{\"@type\":\"ImageObject\",\"inLanguage\":\"pt-BR\",\"@id\":\"https:\/\/osloucos.com.br\/wiki\/#\/schema\/logo\/image\/\",\"url\":\"https:\/\/osloucos.com.br\/wiki\/files\/2013\/08\/ICON.png\",\"contentUrl\":\"https:\/\/osloucos.com.br\/wiki\/files\/2013\/08\/ICON.png\",\"width\":500,\"height\":500,\"caption\":\"WikiLoucos\"},\"image\":{\"@id\":\"https:\/\/osloucos.com.br\/wiki\/#\/schema\/logo\/image\/\"}},{\"@type\":\"Person\",\"@id\":\"https:\/\/osloucos.com.br\/wiki\/#\/schema\/person\/2745f55559135973d2ee6aa48c57cecf\",\"name\":\"Ozi\",\"image\":{\"@type\":\"ImageObject\",\"inLanguage\":\"pt-BR\",\"@id\":\"https:\/\/osloucos.com.br\/wiki\/#\/schema\/person\/image\/\",\"url\":\"https:\/\/osloucos.com.br\/wiki\/wp-content\/uploads\/avatars\/1\/1cb52bf3b934601ac3d8c156edea4a72-bpfull.jpg\",\"contentUrl\":\"https:\/\/osloucos.com.br\/wiki\/wp-content\/uploads\/avatars\/1\/1cb52bf3b934601ac3d8c156edea4a72-bpfull.jpg\",\"caption\":\"Ozi\"},\"description\":\"Ozi \u00e9 um cartunista brasileiro e ga\u00facho. Nascido na cidade do Rio Grande, extremo-sul do Brasil, Ozi criou diversos personagens em sua cidade natal. Em 2010 mudou-se para Porto Alegre e desde ent\u00e3o mant\u00e9m o site Os Loucos com tirinhas peri\u00f3dicas.\",\"sameAs\":[\"https:\/\/osloucos.com.br\"],\"url\":\"https:\/\/osloucos.com.br\/wiki\/author\/ozi\"}]}<\/script>\n<!-- \/ Yoast SEO plugin. -->","yoast_head_json":{"title":"O autor - WikiLoucos","description":"Autoria do Os Loucos","robots":{"index":"index","follow":"follow","max-snippet":"max-snippet:-1","max-image-preview":"max-image-preview:large","max-video-preview":"max-video-preview:-1"},"canonical":"https:\/\/osloucos.com.br\/wiki\/autor.html","twitter_card":"summary_large_image","twitter_title":"O autor - WikiLoucos","twitter_description":"Autoria do Os Loucos","twitter_image":"https:\/\/osloucos.com.br\/wiki\/files\/2013\/08\/ozi.jpg","twitter_misc":{"Escrito por":"Ozi","Est. tempo de leitura":"2 minutos"},"schema":{"@context":"https:\/\/schema.org","@graph":[{"@type":"Article","@id":"https:\/\/osloucos.com.br\/wiki\/autor.html#article","isPartOf":{"@id":"https:\/\/osloucos.com.br\/wiki\/autor.html"},"author":{"name":"Ozi","@id":"https:\/\/osloucos.com.br\/wiki\/#\/schema\/person\/2745f55559135973d2ee6aa48c57cecf"},"headline":"O autor","datePublished":"2013-08-28T16:13:18+00:00","dateModified":"2023-08-13T03:54:15+00:00","mainEntityOfPage":{"@id":"https:\/\/osloucos.com.br\/wiki\/autor.html"},"wordCount":268,"commentCount":0,"publisher":{"@id":"https:\/\/osloucos.com.br\/wiki\/#organization"},"image":{"@id":"https:\/\/osloucos.com.br\/wiki\/autor.html#primaryimage"},"thumbnailUrl":"https:\/\/osloucos.com.br\/wiki\/files\/2013\/08\/ozi.jpg","articleSection":["Sobre"],"inLanguage":"pt-BR","potentialAction":[{"@type":"CommentAction","name":"Comment","target":["https:\/\/osloucos.com.br\/wiki\/autor.html#respond"]}]},{"@type":"WebPage","@id":"https:\/\/osloucos.com.br\/wiki\/autor.html","url":"https:\/\/osloucos.com.br\/wiki\/autor.html","name":"O autor - WikiLoucos","isPartOf":{"@id":"https:\/\/osloucos.com.br\/wiki\/#website"},"primaryImageOfPage":{"@id":"https:\/\/osloucos.com.br\/wiki\/autor.html#primaryimage"},"image":{"@id":"https:\/\/osloucos.com.br\/wiki\/autor.html#primaryimage"},"thumbnailUrl":"https:\/\/osloucos.com.br\/wiki\/files\/2013\/08\/ozi.jpg","datePublished":"2013-08-28T16:13:18+00:00","dateModified":"2023-08-13T03:54:15+00:00","description":"Autoria do Os Loucos","breadcrumb":{"@id":"https:\/\/osloucos.com.br\/wiki\/autor.html#breadcrumb"},"inLanguage":"pt-BR","potentialAction":[{"@type":"ReadAction","target":["https:\/\/osloucos.com.br\/wiki\/autor.html"]}]},{"@type":"ImageObject","inLanguage":"pt-BR","@id":"https:\/\/osloucos.com.br\/wiki\/autor.html#primaryimage","url":"https:\/\/osloucos.com.br\/wiki\/files\/2013\/08\/ozi.jpg","contentUrl":"https:\/\/osloucos.com.br\/wiki\/files\/2013\/08\/ozi.jpg","width":830,"height":960},{"@type":"BreadcrumbList","@id":"https:\/\/osloucos.com.br\/wiki\/autor.html#breadcrumb","itemListElement":[{"@type":"ListItem","position":1,"name":"In\u00edcio","item":"https:\/\/osloucos.com.br\/wiki"},{"@type":"ListItem","position":2,"name":"O autor"}]},{"@type":"WebSite","@id":"https:\/\/osloucos.com.br\/wiki\/#website","url":"https:\/\/osloucos.com.br\/wiki\/","name":"WikiLoucos","description":"","publisher":{"@id":"https:\/\/osloucos.com.br\/wiki\/#organization"},"potentialAction":[{"@type":"SearchAction","target":{"@type":"EntryPoint","urlTemplate":"https:\/\/osloucos.com.br\/wiki\/?s={search_term_string}"},"query-input":{"@type":"PropertyValueSpecification","valueRequired":true,"valueName":"search_term_string"}}],"inLanguage":"pt-BR"},{"@type":"Organization","@id":"https:\/\/osloucos.com.br\/wiki\/#organization","name":"WikiLoucos","url":"https:\/\/osloucos.com.br\/wiki\/","logo":{"@type":"ImageObject","inLanguage":"pt-BR","@id":"https:\/\/osloucos.com.br\/wiki\/#\/schema\/logo\/image\/","url":"https:\/\/osloucos.com.br\/wiki\/files\/2013\/08\/ICON.png","contentUrl":"https:\/\/osloucos.com.br\/wiki\/files\/2013\/08\/ICON.png","width":500,"height":500,"caption":"WikiLoucos"},"image":{"@id":"https:\/\/osloucos.com.br\/wiki\/#\/schema\/logo\/image\/"}},{"@type":"Person","@id":"https:\/\/osloucos.com.br\/wiki\/#\/schema\/person\/2745f55559135973d2ee6aa48c57cecf","name":"Ozi","image":{"@type":"ImageObject","inLanguage":"pt-BR","@id":"https:\/\/osloucos.com.br\/wiki\/#\/schema\/person\/image\/","url":"https:\/\/osloucos.com.br\/wiki\/wp-content\/uploads\/avatars\/1\/1cb52bf3b934601ac3d8c156edea4a72-bpfull.jpg","contentUrl":"https:\/\/osloucos.com.br\/wiki\/wp-content\/uploads\/avatars\/1\/1cb52bf3b934601ac3d8c156edea4a72-bpfull.jpg","caption":"Ozi"},"description":"Ozi \u00e9 um cartunista brasileiro e ga\u00facho. Nascido na cidade do Rio Grande, extremo-sul do Brasil, Ozi criou diversos personagens em sua cidade natal. Em 2010 mudou-se para Porto Alegre e desde ent\u00e3o mant\u00e9m o site Os Loucos com tirinhas peri\u00f3dicas.","sameAs":["https:\/\/osloucos.com.br"],"url":"https:\/\/osloucos.com.br\/wiki\/author\/ozi"}]}},"_links":{"self":[{"href":"https:\/\/osloucos.com.br\/wiki\/wp-json\/wp\/v2\/posts\/170","targetHints":{"allow":["GET"]}}],"collection":[{"href":"https:\/\/osloucos.com.br\/wiki\/wp-json\/wp\/v2\/posts"}],"about":[{"href":"https:\/\/osloucos.com.br\/wiki\/wp-json\/wp\/v2\/types\/post"}],"author":[{"embeddable":true,"href":"https:\/\/osloucos.com.br\/wiki\/wp-json\/wp\/v2\/users\/1"}],"replies":[{"embeddable":true,"href":"https:\/\/osloucos.com.br\/wiki\/wp-json\/wp\/v2\/comments?post=170"}],"version-history":[{"count":3,"href":"https:\/\/osloucos.com.br\/wiki\/wp-json\/wp\/v2\/posts\/170\/revisions"}],"predecessor-version":[{"id":305,"href":"https:\/\/osloucos.com.br\/wiki\/wp-json\/wp\/v2\/posts\/170\/revisions\/305"}],"wp:featuredmedia":[{"embeddable":true,"href":"https:\/\/osloucos.com.br\/wiki\/wp-json\/wp\/v2\/media\/252"}],"wp:attachment":[{"href":"https:\/\/osloucos.com.br\/wiki\/wp-json\/wp\/v2\/media?parent=170"}],"wp:term":[{"taxonomy":"category","embeddable":true,"href":"https:\/\/osloucos.com.br\/wiki\/wp-json\/wp\/v2\/categories?post=170"},{"taxonomy":"post_tag","embeddable":true,"href":"https:\/\/osloucos.com.br\/wiki\/wp-json\/wp\/v2\/tags?post=170"}],"curies":[{"name":"wp","href":"https:\/\/api.w.org\/{rel}","templated":true}]}}