{"id":67,"date":"2013-08-24T22:40:39","date_gmt":"2013-08-25T01:40:39","guid":{"rendered":"https:\/\/wiki.osloucos.com.br\/?p=67"},"modified":"2013-08-26T11:13:55","modified_gmt":"2013-08-26T14:13:55","slug":"enfermeiro-02","status":"publish","type":"post","link":"https:\/\/osloucos.com.br\/wiki\/enfermeiro-02.html","title":{"rendered":"Enfermeiro 02"},"content":{"rendered":"<p><a href=\"https:\/\/wiki.osloucos.com.br\/files\/2013\/08\/enfermeiro02.png\"><img loading=\"lazy\" decoding=\"async\" class=\"size-full wp-image-68 alignleft\" alt=\"enfermeiro02\" src=\"https:\/\/wiki.osloucos.com.br\/files\/2013\/08\/enfermeiro02.png\" width=\"162\" height=\"235\" \/><\/a>Bem&#8230; falar deste sujeito \u00e9 complicado, pois desde que tomou um choque h\u00e1 muitos anos ele ficou assim. Catat\u00f4nico ele n\u00e3o pronuncia nenhuma palavra h\u00e1 anos, s\u00f3 obedece ordens.<\/p>\n","protected":false},"excerpt":{"rendered":"<p>Bem&#8230; falar deste sujeito \u00e9 complicado, pois desde que tomou um choque h\u00e1 muitos anos ele ficou assim. Catat\u00f4nico ele n\u00e3o pronuncia nenhuma palavra h\u00e1 anos, s\u00f3 obedece ordens.<\/p>\n","protected":false},"author":1,"featured_media":71,"comment_status":"open","ping_status":"open","sticky":false,"template":"","format":"standard","meta":{"footnotes":""},"categories":[13,19],"tags":[32,31],"class_list":["post-67","post","type-post","status-publish","format-standard","has-post-thumbnail","hentry","category-habitantes","category-secundarios","tag-enfermeiro","tag-enfermeiros"],"yoast_head":"<!-- This site is optimized with the Yoast SEO plugin v25.3 - https:\/\/yoast.com\/wordpress\/plugins\/seo\/ -->\n<title>Enfermeiro 02 - WikiLoucos<\/title>\n<meta name=\"robots\" content=\"index, follow, max-snippet:-1, max-image-preview:large, max-video-preview:-1\" \/>\n<link rel=\"canonical\" href=\"https:\/\/osloucos.com.br\/wiki\/enfermeiro-02.html\" \/>\n<meta name=\"twitter:card\" content=\"summary_large_image\" \/>\n<meta name=\"twitter:title\" content=\"Enfermeiro 02 - WikiLoucos\" \/>\n<meta name=\"twitter:description\" content=\"Bem&#8230; falar deste sujeito \u00e9 complicado, pois desde que tomou um choque h\u00e1 muitos anos ele ficou assim. Catat\u00f4nico ele n\u00e3o pronuncia nenhuma palavra h\u00e1 anos, s\u00f3 obedece ordens.\" \/>\n<meta name=\"twitter:image\" content=\"https:\/\/osloucos.com.br\/wiki\/files\/2013\/08\/enfermeiro021.png\" \/>\n<meta name=\"twitter:label1\" content=\"Escrito por\" \/>\n\t<meta name=\"twitter:data1\" content=\"Ozi\" \/>\n<script type=\"application\/ld+json\" class=\"yoast-schema-graph\">{\"@context\":\"https:\/\/schema.org\",\"@graph\":[{\"@type\":\"Article\",\"@id\":\"https:\/\/osloucos.com.br\/wiki\/enfermeiro-02.html#article\",\"isPartOf\":{\"@id\":\"https:\/\/osloucos.com.br\/wiki\/enfermeiro-02.html\"},\"author\":{\"name\":\"Ozi\",\"@id\":\"https:\/\/osloucos.com.br\/wiki\/#\/schema\/person\/2745f55559135973d2ee6aa48c57cecf\"},\"headline\":\"Enfermeiro 02\",\"datePublished\":\"2013-08-25T01:40:39+00:00\",\"dateModified\":\"2013-08-26T14:13:55+00:00\",\"mainEntityOfPage\":{\"@id\":\"https:\/\/osloucos.com.br\/wiki\/enfermeiro-02.html\"},\"wordCount\":31,\"commentCount\":0,\"publisher\":{\"@id\":\"https:\/\/osloucos.com.br\/wiki\/#organization\"},\"image\":{\"@id\":\"https:\/\/osloucos.com.br\/wiki\/enfermeiro-02.html#primaryimage\"},\"thumbnailUrl\":\"https:\/\/osloucos.com.br\/wiki\/files\/2013\/08\/enfermeiro021.png\",\"keywords\":[\"enfermeiro\",\"enfermeiros\"],\"articleSection\":[\"Habitantes\",\"Personagens Secund\u00e1rios\"],\"inLanguage\":\"pt-BR\",\"potentialAction\":[{\"@type\":\"CommentAction\",\"name\":\"Comment\",\"target\":[\"https:\/\/osloucos.com.br\/wiki\/enfermeiro-02.html#respond\"]}]},{\"@type\":\"WebPage\",\"@id\":\"https:\/\/osloucos.com.br\/wiki\/enfermeiro-02.html\",\"url\":\"https:\/\/osloucos.com.br\/wiki\/enfermeiro-02.html\",\"name\":\"Enfermeiro 02 - WikiLoucos\",\"isPartOf\":{\"@id\":\"https:\/\/osloucos.com.br\/wiki\/#website\"},\"primaryImageOfPage\":{\"@id\":\"https:\/\/osloucos.com.br\/wiki\/enfermeiro-02.html#primaryimage\"},\"image\":{\"@id\":\"https:\/\/osloucos.com.br\/wiki\/enfermeiro-02.html#primaryimage\"},\"thumbnailUrl\":\"https:\/\/osloucos.com.br\/wiki\/files\/2013\/08\/enfermeiro021.png\",\"datePublished\":\"2013-08-25T01:40:39+00:00\",\"dateModified\":\"2013-08-26T14:13:55+00:00\",\"breadcrumb\":{\"@id\":\"https:\/\/osloucos.com.br\/wiki\/enfermeiro-02.html#breadcrumb\"},\"inLanguage\":\"pt-BR\",\"potentialAction\":[{\"@type\":\"ReadAction\",\"target\":[\"https:\/\/osloucos.com.br\/wiki\/enfermeiro-02.html\"]}]},{\"@type\":\"ImageObject\",\"inLanguage\":\"pt-BR\",\"@id\":\"https:\/\/osloucos.com.br\/wiki\/enfermeiro-02.html#primaryimage\",\"url\":\"https:\/\/osloucos.com.br\/wiki\/files\/2013\/08\/enfermeiro021.png\",\"contentUrl\":\"https:\/\/osloucos.com.br\/wiki\/files\/2013\/08\/enfermeiro021.png\",\"width\":1135,\"height\":399},{\"@type\":\"BreadcrumbList\",\"@id\":\"https:\/\/osloucos.com.br\/wiki\/enfermeiro-02.html#breadcrumb\",\"itemListElement\":[{\"@type\":\"ListItem\",\"position\":1,\"name\":\"In\u00edcio\",\"item\":\"https:\/\/osloucos.com.br\/wiki\"},{\"@type\":\"ListItem\",\"position\":2,\"name\":\"Enfermeiro 02\"}]},{\"@type\":\"WebSite\",\"@id\":\"https:\/\/osloucos.com.br\/wiki\/#website\",\"url\":\"https:\/\/osloucos.com.br\/wiki\/\",\"name\":\"WikiLoucos\",\"description\":\"\",\"publisher\":{\"@id\":\"https:\/\/osloucos.com.br\/wiki\/#organization\"},\"potentialAction\":[{\"@type\":\"SearchAction\",\"target\":{\"@type\":\"EntryPoint\",\"urlTemplate\":\"https:\/\/osloucos.com.br\/wiki\/?s={search_term_string}\"},\"query-input\":{\"@type\":\"PropertyValueSpecification\",\"valueRequired\":true,\"valueName\":\"search_term_string\"}}],\"inLanguage\":\"pt-BR\"},{\"@type\":\"Organization\",\"@id\":\"https:\/\/osloucos.com.br\/wiki\/#organization\",\"name\":\"WikiLoucos\",\"url\":\"https:\/\/osloucos.com.br\/wiki\/\",\"logo\":{\"@type\":\"ImageObject\",\"inLanguage\":\"pt-BR\",\"@id\":\"https:\/\/osloucos.com.br\/wiki\/#\/schema\/logo\/image\/\",\"url\":\"https:\/\/osloucos.com.br\/wiki\/files\/2013\/08\/ICON.png\",\"contentUrl\":\"https:\/\/osloucos.com.br\/wiki\/files\/2013\/08\/ICON.png\",\"width\":500,\"height\":500,\"caption\":\"WikiLoucos\"},\"image\":{\"@id\":\"https:\/\/osloucos.com.br\/wiki\/#\/schema\/logo\/image\/\"}},{\"@type\":\"Person\",\"@id\":\"https:\/\/osloucos.com.br\/wiki\/#\/schema\/person\/2745f55559135973d2ee6aa48c57cecf\",\"name\":\"Ozi\",\"image\":{\"@type\":\"ImageObject\",\"inLanguage\":\"pt-BR\",\"@id\":\"https:\/\/osloucos.com.br\/wiki\/#\/schema\/person\/image\/\",\"url\":\"https:\/\/osloucos.com.br\/wiki\/wp-content\/uploads\/avatars\/1\/1cb52bf3b934601ac3d8c156edea4a72-bpfull.jpg\",\"contentUrl\":\"https:\/\/osloucos.com.br\/wiki\/wp-content\/uploads\/avatars\/1\/1cb52bf3b934601ac3d8c156edea4a72-bpfull.jpg\",\"caption\":\"Ozi\"},\"description\":\"Ozi \u00e9 um cartunista brasileiro e ga\u00facho. Nascido na cidade do Rio Grande, extremo-sul do Brasil, Ozi criou diversos personagens em sua cidade natal. Em 2010 mudou-se para Porto Alegre e desde ent\u00e3o mant\u00e9m o site Os Loucos com tirinhas peri\u00f3dicas.\",\"sameAs\":[\"https:\/\/osloucos.com.br\"],\"url\":\"https:\/\/osloucos.com.br\/wiki\/author\/ozi\"}]}<\/script>\n<!-- \/ Yoast SEO plugin. -->","yoast_head_json":{"title":"Enfermeiro 02 - WikiLoucos","robots":{"index":"index","follow":"follow","max-snippet":"max-snippet:-1","max-image-preview":"max-image-preview:large","max-video-preview":"max-video-preview:-1"},"canonical":"https:\/\/osloucos.com.br\/wiki\/enfermeiro-02.html","twitter_card":"summary_large_image","twitter_title":"Enfermeiro 02 - WikiLoucos","twitter_description":"Bem&#8230; falar deste sujeito \u00e9 complicado, pois desde que tomou um choque h\u00e1 muitos anos ele ficou assim. Catat\u00f4nico ele n\u00e3o pronuncia nenhuma palavra h\u00e1 anos, s\u00f3 obedece ordens.","twitter_image":"https:\/\/osloucos.com.br\/wiki\/files\/2013\/08\/enfermeiro021.png","twitter_misc":{"Escrito por":"Ozi"},"schema":{"@context":"https:\/\/schema.org","@graph":[{"@type":"Article","@id":"https:\/\/osloucos.com.br\/wiki\/enfermeiro-02.html#article","isPartOf":{"@id":"https:\/\/osloucos.com.br\/wiki\/enfermeiro-02.html"},"author":{"name":"Ozi","@id":"https:\/\/osloucos.com.br\/wiki\/#\/schema\/person\/2745f55559135973d2ee6aa48c57cecf"},"headline":"Enfermeiro 02","datePublished":"2013-08-25T01:40:39+00:00","dateModified":"2013-08-26T14:13:55+00:00","mainEntityOfPage":{"@id":"https:\/\/osloucos.com.br\/wiki\/enfermeiro-02.html"},"wordCount":31,"commentCount":0,"publisher":{"@id":"https:\/\/osloucos.com.br\/wiki\/#organization"},"image":{"@id":"https:\/\/osloucos.com.br\/wiki\/enfermeiro-02.html#primaryimage"},"thumbnailUrl":"https:\/\/osloucos.com.br\/wiki\/files\/2013\/08\/enfermeiro021.png","keywords":["enfermeiro","enfermeiros"],"articleSection":["Habitantes","Personagens Secund\u00e1rios"],"inLanguage":"pt-BR","potentialAction":[{"@type":"CommentAction","name":"Comment","target":["https:\/\/osloucos.com.br\/wiki\/enfermeiro-02.html#respond"]}]},{"@type":"WebPage","@id":"https:\/\/osloucos.com.br\/wiki\/enfermeiro-02.html","url":"https:\/\/osloucos.com.br\/wiki\/enfermeiro-02.html","name":"Enfermeiro 02 - WikiLoucos","isPartOf":{"@id":"https:\/\/osloucos.com.br\/wiki\/#website"},"primaryImageOfPage":{"@id":"https:\/\/osloucos.com.br\/wiki\/enfermeiro-02.html#primaryimage"},"image":{"@id":"https:\/\/osloucos.com.br\/wiki\/enfermeiro-02.html#primaryimage"},"thumbnailUrl":"https:\/\/osloucos.com.br\/wiki\/files\/2013\/08\/enfermeiro021.png","datePublished":"2013-08-25T01:40:39+00:00","dateModified":"2013-08-26T14:13:55+00:00","breadcrumb":{"@id":"https:\/\/osloucos.com.br\/wiki\/enfermeiro-02.html#breadcrumb"},"inLanguage":"pt-BR","potentialAction":[{"@type":"ReadAction","target":["https:\/\/osloucos.com.br\/wiki\/enfermeiro-02.html"]}]},{"@type":"ImageObject","inLanguage":"pt-BR","@id":"https:\/\/osloucos.com.br\/wiki\/enfermeiro-02.html#primaryimage","url":"https:\/\/osloucos.com.br\/wiki\/files\/2013\/08\/enfermeiro021.png","contentUrl":"https:\/\/osloucos.com.br\/wiki\/files\/2013\/08\/enfermeiro021.png","width":1135,"height":399},{"@type":"BreadcrumbList","@id":"https:\/\/osloucos.com.br\/wiki\/enfermeiro-02.html#breadcrumb","itemListElement":[{"@type":"ListItem","position":1,"name":"In\u00edcio","item":"https:\/\/osloucos.com.br\/wiki"},{"@type":"ListItem","position":2,"name":"Enfermeiro 02"}]},{"@type":"WebSite","@id":"https:\/\/osloucos.com.br\/wiki\/#website","url":"https:\/\/osloucos.com.br\/wiki\/","name":"WikiLoucos","description":"","publisher":{"@id":"https:\/\/osloucos.com.br\/wiki\/#organization"},"potentialAction":[{"@type":"SearchAction","target":{"@type":"EntryPoint","urlTemplate":"https:\/\/osloucos.com.br\/wiki\/?s={search_term_string}"},"query-input":{"@type":"PropertyValueSpecification","valueRequired":true,"valueName":"search_term_string"}}],"inLanguage":"pt-BR"},{"@type":"Organization","@id":"https:\/\/osloucos.com.br\/wiki\/#organization","name":"WikiLoucos","url":"https:\/\/osloucos.com.br\/wiki\/","logo":{"@type":"ImageObject","inLanguage":"pt-BR","@id":"https:\/\/osloucos.com.br\/wiki\/#\/schema\/logo\/image\/","url":"https:\/\/osloucos.com.br\/wiki\/files\/2013\/08\/ICON.png","contentUrl":"https:\/\/osloucos.com.br\/wiki\/files\/2013\/08\/ICON.png","width":500,"height":500,"caption":"WikiLoucos"},"image":{"@id":"https:\/\/osloucos.com.br\/wiki\/#\/schema\/logo\/image\/"}},{"@type":"Person","@id":"https:\/\/osloucos.com.br\/wiki\/#\/schema\/person\/2745f55559135973d2ee6aa48c57cecf","name":"Ozi","image":{"@type":"ImageObject","inLanguage":"pt-BR","@id":"https:\/\/osloucos.com.br\/wiki\/#\/schema\/person\/image\/","url":"https:\/\/osloucos.com.br\/wiki\/wp-content\/uploads\/avatars\/1\/1cb52bf3b934601ac3d8c156edea4a72-bpfull.jpg","contentUrl":"https:\/\/osloucos.com.br\/wiki\/wp-content\/uploads\/avatars\/1\/1cb52bf3b934601ac3d8c156edea4a72-bpfull.jpg","caption":"Ozi"},"description":"Ozi \u00e9 um cartunista brasileiro e ga\u00facho. Nascido na cidade do Rio Grande, extremo-sul do Brasil, Ozi criou diversos personagens em sua cidade natal. Em 2010 mudou-se para Porto Alegre e desde ent\u00e3o mant\u00e9m o site Os Loucos com tirinhas peri\u00f3dicas.","sameAs":["https:\/\/osloucos.com.br"],"url":"https:\/\/osloucos.com.br\/wiki\/author\/ozi"}]}},"_links":{"self":[{"href":"https:\/\/osloucos.com.br\/wiki\/wp-json\/wp\/v2\/posts\/67","targetHints":{"allow":["GET"]}}],"collection":[{"href":"https:\/\/osloucos.com.br\/wiki\/wp-json\/wp\/v2\/posts"}],"about":[{"href":"https:\/\/osloucos.com.br\/wiki\/wp-json\/wp\/v2\/types\/post"}],"author":[{"embeddable":true,"href":"https:\/\/osloucos.com.br\/wiki\/wp-json\/wp\/v2\/users\/1"}],"replies":[{"embeddable":true,"href":"https:\/\/osloucos.com.br\/wiki\/wp-json\/wp\/v2\/comments?post=67"}],"version-history":[{"count":1,"href":"https:\/\/osloucos.com.br\/wiki\/wp-json\/wp\/v2\/posts\/67\/revisions"}],"predecessor-version":[{"id":69,"href":"https:\/\/osloucos.com.br\/wiki\/wp-json\/wp\/v2\/posts\/67\/revisions\/69"}],"wp:featuredmedia":[{"embeddable":true,"href":"https:\/\/osloucos.com.br\/wiki\/wp-json\/wp\/v2\/media\/71"}],"wp:attachment":[{"href":"https:\/\/osloucos.com.br\/wiki\/wp-json\/wp\/v2\/media?parent=67"}],"wp:term":[{"taxonomy":"category","embeddable":true,"href":"https:\/\/osloucos.com.br\/wiki\/wp-json\/wp\/v2\/categories?post=67"},{"taxonomy":"post_tag","embeddable":true,"href":"https:\/\/osloucos.com.br\/wiki\/wp-json\/wp\/v2\/tags?post=67"}],"curies":[{"name":"wp","href":"https:\/\/api.w.org\/{rel}","templated":true}]}}